{"id":788,"date":"2023-02-06T15:31:01","date_gmt":"2023-02-06T15:31:01","guid":{"rendered":"https:\/\/mo-fontaine.de\/?p=788"},"modified":"2023-02-06T15:34:34","modified_gmt":"2023-02-06T15:34:34","slug":"ausstellung-magie-der-stille-sparkasse-saarbruecken","status":"publish","type":"post","link":"https:\/\/mo-fontaine.de\/?p=788","title":{"rendered":"Ausstellung \u201eMagie der Stille\u201c &#8211; Sparkasse Saarbr\u00fccken"},"content":{"rendered":"<p><a href=\"https:\/\/mo-fontaine.de\/wp-content\/uploads\/2023\/02\/Kubus_02.jpg\"><img loading=\"lazy\" decoding=\"async\" class=\"alignleft size-medium wp-image-786\" src=\"https:\/\/mo-fontaine.de\/wp-content\/uploads\/2023\/02\/Kubus_02-300x256.jpg\" alt=\"\" width=\"300\" height=\"256\" srcset=\"https:\/\/mo-fontaine.de\/wp-content\/uploads\/2023\/02\/Kubus_02-300x256.jpg 300w, https:\/\/mo-fontaine.de\/wp-content\/uploads\/2023\/02\/Kubus_02-1024x875.jpg 1024w, https:\/\/mo-fontaine.de\/wp-content\/uploads\/2023\/02\/Kubus_02-768x656.jpg 768w, https:\/\/mo-fontaine.de\/wp-content\/uploads\/2023\/02\/Kubus_02-1170x999.jpg 1170w, https:\/\/mo-fontaine.de\/wp-content\/uploads\/2023\/02\/Kubus_02.jpg 1200w\" sizes=\"auto, (max-width: 300px) 100vw, 300px\" \/><\/a>Mit einer kleinen, aber feinen Auswahl an aktuellen Gem\u00e4lden stelle ich mich erneut dem Saarbr\u00fccker Publikum vor.<br \/>\nAuf undurchdringlich-homogenen Farbgr\u00fcnden setze ich magisch-sinnliche Stillleben und Tiere in Szene. In meinen opulenten, in ausgefeilten Mischtechniken ausgearbeiteten Bildsch\u00f6pfungen dreht sich alles um Farbe und Bewegung: von subtil bis expressiv. Manche der gezeigten Stillleben sind alles andere als still und leise. Sie spr\u00fchen geradezu vor Energie und Lebenslust. Im Kontrast dazu wirken andere Motive ruhig und besinnlich. Das mag daran liegen, dass ich f\u00fcr meine ruhigen Bildsch\u00f6pfungen ein japanisches Gestaltungsprinzip namens \u201aKata\u2018 anwende, das vor\u00fcbereilende Passanten \u201aentschleunigt\u2018 und zum Verweilen einl\u00e4dt. <a href=\"https:\/\/mo-fontaine.de\/wp-content\/uploads\/2023\/02\/Kubus_07.jpg\"><img loading=\"lazy\" decoding=\"async\" class=\"size-medium wp-image-785 alignright\" src=\"https:\/\/mo-fontaine.de\/wp-content\/uploads\/2023\/02\/Kubus_07-300x220.jpg\" alt=\"\" width=\"300\" height=\"220\" srcset=\"https:\/\/mo-fontaine.de\/wp-content\/uploads\/2023\/02\/Kubus_07-300x220.jpg 300w, https:\/\/mo-fontaine.de\/wp-content\/uploads\/2023\/02\/Kubus_07-1024x749.jpg 1024w, https:\/\/mo-fontaine.de\/wp-content\/uploads\/2023\/02\/Kubus_07-768x562.jpg 768w, https:\/\/mo-fontaine.de\/wp-content\/uploads\/2023\/02\/Kubus_07-1170x856.jpg 1170w, https:\/\/mo-fontaine.de\/wp-content\/uploads\/2023\/02\/Kubus_07.jpg 1200w\" sizes=\"auto, (max-width: 300px) 100vw, 300px\" \/><\/a>Das Wort \u201aKata\u2018 l\u00e4sst sich nur schwer ins Deutsche \u00fcbertragen. Es bedeutet Verdichtung, Fokussierung oder auch Konzentration. Findet dieses Prinzip in der Malerei oder Grafik Anwendung, so kommt eine geheimnisvolle, tiefere Schicht, das sogenannte \u201aYugen\u2018 zum Vorschein. \u201aYugen\u2018 ist in der Gedankenwelt des Zen-Buddhismus allgegenw\u00e4rtig und ist ebenfalls ein Begriff, f\u00fcr den es in der deutschen Sprache keine \u00dcbersetzung gibt. Die \u00e4u\u00dfere Gestalt des abgebildeten Gegenstandes ist ebenso unwichtig wie die genaue Definition des Ph\u00e4nomens \u201aYugen\u2018. Alles Oberfl\u00e4chliche, Chaotische, Aufdringliche, \u00dcberfl\u00fcssige wird weggelassen oder eliminiert. \u00dcbrig bleibt eine schlichte, zeitlose Essenz ohne Pathos &#8211; ein Konzentrat, das Sch\u00f6nheit und Harmonie ausdr\u00fccken soll. Aber auch ohne die Grundlagen der japanischen \u00c4sthetik sind meine magisch-sinnlichen Bilder f\u00fcr den Betrachter hoffentlich ein Augenschmaus.<br \/>\nDie Ausstellung \u201eMagie der Stille\u201c im Kubus der Sparkasse am Neumarkt in Alt-Saarbr\u00fccken l\u00e4uft noch bis zum 29. M\u00e4rz 2023.<\/p>\n","protected":false},"excerpt":{"rendered":"<p>Mit einer kleinen, aber feinen Auswahl an aktuellen Gem\u00e4lden stelle ich mich erneut dem Saarbr\u00fccker Publikum vor. Auf undurchdringlich-homogenen Farbgr\u00fcnden setze ich magisch-sinnliche Stillleben und Tiere in Szene. In meinen opulenten, in ausgefeilten Mischtechniken ausgearbeiteten Bildsch\u00f6pfungen dreht sich alles um&#8230;<br \/><a class=\"read-more-button\" href=\"https:\/\/mo-fontaine.de\/?p=788\">Read more<\/a><\/p>\n","protected":false},"author":2,"featured_media":0,"comment_status":"closed","ping_status":"closed","sticky":false,"template":"","format":"standard","meta":{"footnotes":""},"categories":[1],"tags":[],"class_list":["post-788","post","type-post","status-publish","format-standard","hentry","category-allgemein"],"_links":{"self":[{"href":"https:\/\/mo-fontaine.de\/index.php?rest_route=\/wp\/v2\/posts\/788","targetHints":{"allow":["GET"]}}],"collection":[{"href":"https:\/\/mo-fontaine.de\/index.php?rest_route=\/wp\/v2\/posts"}],"about":[{"href":"https:\/\/mo-fontaine.de\/index.php?rest_route=\/wp\/v2\/types\/post"}],"author":[{"embeddable":true,"href":"https:\/\/mo-fontaine.de\/index.php?rest_route=\/wp\/v2\/users\/2"}],"replies":[{"embeddable":true,"href":"https:\/\/mo-fontaine.de\/index.php?rest_route=%2Fwp%2Fv2%2Fcomments&post=788"}],"version-history":[{"count":3,"href":"https:\/\/mo-fontaine.de\/index.php?rest_route=\/wp\/v2\/posts\/788\/revisions"}],"predecessor-version":[{"id":791,"href":"https:\/\/mo-fontaine.de\/index.php?rest_route=\/wp\/v2\/posts\/788\/revisions\/791"}],"wp:attachment":[{"href":"https:\/\/mo-fontaine.de\/index.php?rest_route=%2Fwp%2Fv2%2Fmedia&parent=788"}],"wp:term":[{"taxonomy":"category","embeddable":true,"href":"https:\/\/mo-fontaine.de\/index.php?rest_route=%2Fwp%2Fv2%2Fcategories&post=788"},{"taxonomy":"post_tag","embeddable":true,"href":"https:\/\/mo-fontaine.de\/index.php?rest_route=%2Fwp%2Fv2%2Ftags&post=788"}],"curies":[{"name":"wp","href":"https:\/\/api.w.org\/{rel}","templated":true}]}}